
{"id":361,"date":"2025-09-30T10:24:00","date_gmt":"2025-09-30T08:24:00","guid":{"rendered":"https:\/\/powerloop.ch\/?p=361"},"modified":"2026-02-20T15:57:36","modified_gmt":"2026-02-20T14:57:36","slug":"la-transition-energetique-a-besoin-dun-couplage-sectoriel-intelligent","status":"publish","type":"post","link":"https:\/\/powerloop.ch\/fr\/die-energiewende-braucht-intelligente-sektorkopplung\/","title":{"rendered":"La transition \u00e9nerg\u00e9tique a besoin d'un couplage sectoriel intelligent !"},"content":{"rendered":"<h3>Le monde de l'\u00e9nergie est \u00e0 la veille d'un bouleversement : comment relier l'\u00e9lectricit\u00e9, la chaleur, le gaz et la mobilit\u00e9 de mani\u00e8re \u00e0 renforcer simultan\u00e9ment l'efficacit\u00e9, la s\u00e9curit\u00e9 d'approvisionnement et la durabilit\u00e9 ? Le forum POWERLOOP 2025 r\u00e9unit des experts de la politique, de la science et de l'\u00e9conomie et montre comment le couplage intelligent des secteurs fait avancer la Suisse.<\/h3><div class=\"module-normaltext\"><h4>Jeudi 30 octobre 2025, Giesserei Oerlikon, Zurich<\/h4><\/div><div class=\"module-tabelle\"><table><tr><td><b>Points forts :<\/b><\/td><\/tr><tr><td>Keynotes d'experts passionnants, notamment ETH, CKW, Suissetec, Getec<\/td><\/tr><tr><td>Exemples pratiques de CCF, Power-to-Gas, hydrog\u00e8ne et Minergie<\/td><\/tr><tr><td>Table ronde avec des conseill\u00e8res nationales et animation par la SRF<\/td><\/tr><tr><td>Possibilit\u00e9s de r\u00e9seautage lors du Business Lunch, des pauses et de l'ap\u00e9ritif<\/td><\/tr><\/table><\/div><div class=\"module-bild\"><img decoding=\"async\" src=\"https:\/\/powerloop.ch\/wp-content\/uploads\/2026\/02\/PLF25_Visual_def_News-2-2.jpg\" loading=\"lazy\" alt=\"\" title=\"\"><\/div><div class=\"module-normaltext\">Les potentiels de synergie et d'efficacit\u00e9 entre les diff\u00e9rents secteurs sont importants. Une planification, une production et une utilisation communes de l'\u00e9lectricit\u00e9, du gaz et de la chaleur, associ\u00e9es \u00e0 des applications de mobilit\u00e9 et industrielles, pr\u00e9sentent donc de grands avantages.<div><br><\/div><h4>Connexion intelligente des secteurs et des technologies<\/h4><div>Cette ann\u00e9e, le forum POWERLOOP se penchera sur tout ce qu'il est possible de r\u00e9aliser en reliant intelligemment les diff\u00e9rents secteurs et technologies - avec le couplage chaleur-force, le power-to-gas, les \u00e9lectrolyseurs, les installations de substitution au r\u00e9seau, le stockage d'\u00e9nergie, les r\u00e9seaux de chaleur, le photovolta\u00efque, les pompes \u00e0 chaleur et bien d'autres choses encore.<\/div><div><br><\/div><h4>Innovations, exemples pratiques, power podium<\/h4><div>La manifestation sera une source d'inspiration avec des innovations et des exemples pratiques - du Smart Building fonctionnant \u00e0 l'hydrog\u00e8ne \u00e0 l'\u00e9cosyst\u00e8me \u00e9nerg\u00e9tique global, en passant par le premier site Minergie. Outre l'\u00e9clairage sur les potentiels de synergie et d'efficacit\u00e9 et les contributions sur les innovations et la pratique, une table ronde de haut niveau anim\u00e9e par la SRF est \u00e9galement pr\u00e9vue, avec cette ann\u00e9e entre autres les conseill\u00e8res nationales Franziska Ryser, Barbara Schaffner et Monika R\u00fcegger.<\/div><div><br><\/div><h4>Plaisir et r\u00e9seautage<\/h4><div>Bien entendu, l'\u00e9v\u00e9nement offre \u00e9galement des possibilit\u00e9s de r\u00e9seautage lors du Business Lunch, des pauses et de l'ap\u00e9ritif. Plus d'informations dans le programme :<\/div><\/div><div class=\"module-pdf\"><a href=\"https:\/\/powerloop.ch\/wp-content\/uploads\/2026\/02\/Programm-POWERLOOP_Forum_2025_final.pdf\" target=\"_blank\">Programme du forum POWERLOOP 2025<\/a><\/div><div class=\"module-bild\"><img decoding=\"async\" src=\"https:\/\/powerloop.ch\/wp-content\/uploads\/2026\/02\/Logo-Banner-2.jpg\" loading=\"lazy\" alt=\"\" title=\"\"><\/div>","protected":false},"excerpt":{"rendered":"<p>Die Energiewelt steht vor einem Umbruch: Wie verbinden wir Strom, W\u00e4rme, Gas und Mobilit\u00e4t so, dass Effizienz, Versorgungssicherheit und Nachhaltigkeit gleichzeitig gest\u00e4rkt werden? Das POWERLOOP-Forum 2025 bringt Expertinnen und Experten aus Politik, Wissenschaft und Wirtschaft zusammen und zeigt, wie intelligente Sektorkopplung die Schweiz voranbringt.Donnerstag, 30. Oktober 2025, Giesserei Oerlikon, Z\u00fcrichHighlights:Keynotes von spannenden Experten, u.a. ETH, [&hellip;]<\/p>\n","protected":false},"author":1,"featured_media":0,"comment_status":"open","ping_status":"open","sticky":false,"template":"","format":"standard","meta":{"uix_meta_title":"","uix_meta_description":"","uix_canonical_url":"","footnotes":""},"categories":[1],"tags":[],"class_list":["post-361","post","type-post","status-publish","format-standard","hentry","category-allgemein"],"_links":{"self":[{"href":"https:\/\/powerloop.ch\/fr\/wp-json\/wp\/v2\/posts\/361","targetHints":{"allow":["GET"]}}],"collection":[{"href":"https:\/\/powerloop.ch\/fr\/wp-json\/wp\/v2\/posts"}],"about":[{"href":"https:\/\/powerloop.ch\/fr\/wp-json\/wp\/v2\/types\/post"}],"author":[{"embeddable":true,"href":"https:\/\/powerloop.ch\/fr\/wp-json\/wp\/v2\/users\/1"}],"replies":[{"embeddable":true,"href":"https:\/\/powerloop.ch\/fr\/wp-json\/wp\/v2\/comments?post=361"}],"version-history":[{"count":1,"href":"https:\/\/powerloop.ch\/fr\/wp-json\/wp\/v2\/posts\/361\/revisions"}],"predecessor-version":[{"id":362,"href":"https:\/\/powerloop.ch\/fr\/wp-json\/wp\/v2\/posts\/361\/revisions\/362"}],"wp:attachment":[{"href":"https:\/\/powerloop.ch\/fr\/wp-json\/wp\/v2\/media?parent=361"}],"wp:term":[{"taxonomy":"category","embeddable":true,"href":"https:\/\/powerloop.ch\/fr\/wp-json\/wp\/v2\/categories?post=361"},{"taxonomy":"post_tag","embeddable":true,"href":"https:\/\/powerloop.ch\/fr\/wp-json\/wp\/v2\/tags?post=361"}],"curies":[{"name":"wp","href":"https:\/\/api.w.org\/{rel}","templated":true}]}}