
{"id":363,"date":"2025-08-29T10:25:00","date_gmt":"2025-08-29T08:25:00","guid":{"rendered":"https:\/\/powerloop.ch\/?p=363"},"modified":"2026-02-20T15:59:03","modified_gmt":"2026-02-20T14:59:03","slug":"les-objectifs-energetiques-en-danger-moins-delectricite-hydroelectrique-en-hiver-que-prevu-la-solution-wkk-est-prete","status":"publish","type":"post","link":"https:\/\/powerloop.ch\/fr\/energieziele-in-gefahr-weniger-winterstrom-aus-wasserkraft-als-geplant-wkk-loesung-steht-bereit\/","title":{"rendered":"Les objectifs \u00e9nerg\u00e9tiques en danger : moins d'\u00e9lectricit\u00e9 hydraulique en hiver que pr\u00e9vu, une solution de cog\u00e9n\u00e9ration est pr\u00eate"},"content":{"rendered":"<h3>Le d\u00e9veloppement de l'\u00e9nergie hydraulique par la Conf\u00e9d\u00e9ration s'enlise : de nombreux projets sont r\u00e9duits ou ne sont pas mis en \u0153uvre du tout. Environ 2 TWh suppl\u00e9mentaires d'\u00e9lectricit\u00e9 hivernale risquent d'\u00eatre supprim\u00e9s - exactement autant que ce qui pourrait \u00eatre r\u00e9alis\u00e9 avec des installations CCF en arri\u00e8re-plan des r\u00e9seaux de chaleur au cours des trois prochaines ann\u00e9es.<\/h3><div class=\"module-normaltext\">Le d\u00e9veloppement de l'hydro\u00e9lectricit\u00e9 devait jouer un r\u00f4le pr\u00e9pond\u00e9rant dans la sortie du nucl\u00e9aire et la r\u00e9alisation des objectifs climatiques de la Suisse. D'ici 2040, la Conf\u00e9d\u00e9ration souhaitait obtenir environ deux t\u00e9rawattheures d'\u00e9lectricit\u00e9 suppl\u00e9mentaire en hiver gr\u00e2ce \u00e0 16 projets. Cet accord avait \u00e9t\u00e9 conclu il y a quatre ans lors d'une table ronde r\u00e9unissant le Conseil f\u00e9d\u00e9ral, les producteurs d'\u00e9nergie, les associations de centrales hydrauliques et les organisations environnementales. Mais il s'av\u00e8re aujourd'hui que l'objectif s'est \u00e9loign\u00e9 : l'Office f\u00e9d\u00e9ral de l'\u00e9nergie ne compte actuellement plus que sur la moiti\u00e9 de cette quantit\u00e9.&nbsp;<div><br><\/div><div>Les raisons pour lesquelles l'am\u00e9nagement est au point mort sont diverses : Les oppositions qui entra\u00eenent des retards, la th\u00e9matique des retours \u00e0 domicile, c'est-\u00e0-dire les communes qui reprennent elles-m\u00eames les barrages lorsque la concession arrive \u00e0 \u00e9ch\u00e9ance, ou le manque de rentabilit\u00e9 des projets sont cit\u00e9s. Comme les 16 projets hydro\u00e9lectriques actuels n'avancent pas comme pr\u00e9vu, le Conseil f\u00e9d\u00e9ral veut maintenant examiner si d'autres projets doivent \u00eatre ajout\u00e9s \u00e0 la liste des projets privil\u00e9gi\u00e9s d'int\u00e9r\u00eat national sup\u00e9rieur.<\/div><div><br><\/div><div>Une solution possible r\u00e9side dans la r\u00e9alisation d'installations de CCF. Comme l'a montr\u00e9 l'\u00e9tude Rytec command\u00e9e par l'Office f\u00e9d\u00e9ral de l'\u00e9nergie, la r\u00e9alisation d'installations de CCF en arri\u00e8re-plan des r\u00e9seaux de chaleur - en rempla\u00e7ant seulement une partie des chaudi\u00e8res fossiles de charge de pointe existantes - permettrait de fournir exactement la quantit\u00e9 supprim\u00e9e. Le grand avantage est que les installations peuvent \u00eatre facilement command\u00e9es et mises en service, ce qui pourrait \u00eatre r\u00e9alis\u00e9 dans les trois prochaines ann\u00e9es.<\/div><div><br><\/div><div>Plus d'informations :<\/div><div><a href=\"https:\/\/www.srf.ch\/news\/schweiz\/energieziele-in-gefahr-weniger-strom-aus-wasserkraft-als-geplant\" target=\"_blank\" rel=\"noopener\">Article de la SRF sur le manque de courant d'hiver d'origine hydraulique<\/a><\/div><div><a href=\"https:\/\/www.bfe.admin.ch\/bfe\/de\/home\/news-und-medien\/publikationen.exturl.html\/aHR0cHM6Ly9wdWJkYi5iZmUuYWRtaW4uY2gvZGUvcHVibGljYX\/Rpb24vZG93bmxvYWQvMTEyNjA=.html\" target=\"_blank\" rel=\"noopener\">Etude Rytec sur la r\u00e9serve d'\u00e9lectricit\u00e9 hivernale : contribution du couplage chaleur-force CCF<\/a><\/div><\/div>","protected":false},"excerpt":{"rendered":"<p>Der Wasserkraft-Ausbau des Bundes ger\u00e4t ins Stocken: Viele Projekte werden verkleinert oder gar nicht umgesetzt. Es droht der Wegfall von rund 2 TWh zus\u00e4tzlichem Winterstrom \u2013 genau so viel, wie mit WKK-Anlagen im Hintergrund von W\u00e4rmenetzen in den n\u00e4chsten drei Jahren realisiert werden k\u00f6nnte.Der Ausbau der Wasserkraft sollte eine tragende Rolle spielen, um den Atomausstieg [&hellip;]<\/p>\n","protected":false},"author":1,"featured_media":0,"comment_status":"open","ping_status":"open","sticky":false,"template":"","format":"standard","meta":{"uix_meta_title":"","uix_meta_description":"","uix_canonical_url":"","footnotes":""},"categories":[1],"tags":[],"class_list":["post-363","post","type-post","status-publish","format-standard","hentry","category-allgemein"],"_links":{"self":[{"href":"https:\/\/powerloop.ch\/fr\/wp-json\/wp\/v2\/posts\/363","targetHints":{"allow":["GET"]}}],"collection":[{"href":"https:\/\/powerloop.ch\/fr\/wp-json\/wp\/v2\/posts"}],"about":[{"href":"https:\/\/powerloop.ch\/fr\/wp-json\/wp\/v2\/types\/post"}],"author":[{"embeddable":true,"href":"https:\/\/powerloop.ch\/fr\/wp-json\/wp\/v2\/users\/1"}],"replies":[{"embeddable":true,"href":"https:\/\/powerloop.ch\/fr\/wp-json\/wp\/v2\/comments?post=363"}],"version-history":[{"count":1,"href":"https:\/\/powerloop.ch\/fr\/wp-json\/wp\/v2\/posts\/363\/revisions"}],"predecessor-version":[{"id":364,"href":"https:\/\/powerloop.ch\/fr\/wp-json\/wp\/v2\/posts\/363\/revisions\/364"}],"wp:attachment":[{"href":"https:\/\/powerloop.ch\/fr\/wp-json\/wp\/v2\/media?parent=363"}],"wp:term":[{"taxonomy":"category","embeddable":true,"href":"https:\/\/powerloop.ch\/fr\/wp-json\/wp\/v2\/categories?post=363"},{"taxonomy":"post_tag","embeddable":true,"href":"https:\/\/powerloop.ch\/fr\/wp-json\/wp\/v2\/tags?post=363"}],"curies":[{"name":"wp","href":"https:\/\/api.w.org\/{rel}","templated":true}]}}